{"id":2901,"date":"2016-06-02T15:20:00","date_gmt":"2016-06-02T15:20:00","guid":{"rendered":"https:\/\/colegiobfmoreno.edu.ar\/?p=2901"},"modified":"2016-06-02T15:20:00","modified_gmt":"2016-06-02T15:20:00","slug":"acto-del-25-de-mayo-en-el-baldo","status":"publish","type":"post","link":"https:\/\/colegiobfmoreno.edu.ar\/?p=2901","title":{"rendered":"ACTO DEL 25 DE MAYO EN EL BALDO"},"content":{"rendered":"<p><\/p>\n<div style=\"text-align: center;\">\n<b>COMPARTIMOS CON USTEDES ALGUNOS MOMENTOS DEL ACTO&#8230;<\/b><\/div>\n<p>\nLos nenes de 2do grado del turno ma\u00f1ana y tarde organizaron el acto junto a la se\u00f1o Viviana y al profe Fede con la ayuda de la profe de pl\u00e1stica Cynthia&#8230; Un d\u00eda lleno de m\u00fasica, ritmo y baile&#8230;.Agradecemos la visita del jardincito, de sala de 4 y 5 a\u00f1os turno ma\u00f1ana y tarde.<\/p>\n<div style=\"clear: both; text-align: center;\">\n<a href=\"https:\/\/2.bp.blogspot.com\/--8x29OTUXEc\/V1BFV91dQMI\/AAAAAAAABLw\/F9MNNWB3r0IUynKqmXKTMdUbCAzFWVLsQCLcB\/s1600\/20160530_093954.jpg\" style=\"margin-left: 1em; margin-right: 1em;\"><img fetchpriority=\"high\" decoding=\"async\" border=\"0\" height=\"300\" src=\"https:\/\/2.bp.blogspot.com\/--8x29OTUXEc\/V1BFV91dQMI\/AAAAAAAABLw\/F9MNNWB3r0IUynKqmXKTMdUbCAzFWVLsQCLcB\/s400\/20160530_093954.jpg\" width=\"400\" \/><\/a><\/div>\n<p><\/p>\n<div style=\"clear: both; text-align: center;\">\n<a href=\"https:\/\/1.bp.blogspot.com\/-pfwsI90mXLQ\/V1BFQmV1c2I\/AAAAAAAABLs\/Sbhe-iNlpSAZDJzgxn0bix3jNCAEVg37ACLcB\/s1600\/20160530_094303.jpg\" style=\"margin-left: 1em; margin-right: 1em;\"><img decoding=\"async\" border=\"0\" height=\"300\" src=\"https:\/\/1.bp.blogspot.com\/-pfwsI90mXLQ\/V1BFQmV1c2I\/AAAAAAAABLs\/Sbhe-iNlpSAZDJzgxn0bix3jNCAEVg37ACLcB\/s400\/20160530_094303.jpg\" width=\"400\" \/><\/a><\/div>\n<p><\/p>\n<div style=\"clear: both; text-align: center;\">\n<a href=\"https:\/\/3.bp.blogspot.com\/-o2mkJKrSKZ0\/V1BFPX3lzBI\/AAAAAAAABLo\/QFsw4q9in4ogGKMvnMGwBCbLfBBnlrhKACLcB\/s1600\/20160530_095605.jpg\" style=\"margin-left: 1em; margin-right: 1em;\"><img decoding=\"async\" border=\"0\" height=\"300\" src=\"https:\/\/3.bp.blogspot.com\/-o2mkJKrSKZ0\/V1BFPX3lzBI\/AAAAAAAABLo\/QFsw4q9in4ogGKMvnMGwBCbLfBBnlrhKACLcB\/s400\/20160530_095605.jpg\" width=\"400\" \/><\/a><\/div>\n<p><\/p>\n<div style=\"clear: both; text-align: center;\">\n<a href=\"https:\/\/1.bp.blogspot.com\/-jb-PP-EwUmE\/V1BFVx0WytI\/AAAAAAAABL0\/Zj0YbzulptgPPiH5Nq4-xElDSLdZZDCmACLcB\/s1600\/20160530_100347.jpg\" style=\"margin-left: 1em; margin-right: 1em;\"><img loading=\"lazy\" decoding=\"async\" border=\"0\" height=\"300\" src=\"https:\/\/1.bp.blogspot.com\/-jb-PP-EwUmE\/V1BFVx0WytI\/AAAAAAAABL0\/Zj0YbzulptgPPiH5Nq4-xElDSLdZZDCmACLcB\/s400\/20160530_100347.jpg\" width=\"400\" \/><\/a><\/div>\n<p><\/p>\n<div style=\"clear: both; text-align: center;\">\n<\/div>\n<div style=\"clear: both; text-align: center;\">\n<iframe width=\"320\" height=\"266\" data-thumbnail-src=\"https:\/\/i.ytimg.com\/vi\/iy9IHNK5QBY\/0.jpg\" src=\"https:\/\/www.youtube.com\/embed\/iy9IHNK5QBY?feature=player_embedded\" frameborder=\"0\" allowfullscreen><\/iframe><\/div>\n<p><\/p>\n<div style=\"clear: both; text-align: center;\">\n<a href=\"https:\/\/3.bp.blogspot.com\/-iuRzJKPEIpA\/V1BHPyD86QI\/AAAAAAAABME\/EZ9UmgvIMx0DReBUcRFZg1mwYhFboI5YQCLcB\/s1600\/20160530_154840.jpg\" style=\"margin-left: 1em; margin-right: 1em;\"><img loading=\"lazy\" decoding=\"async\" border=\"0\" height=\"240\" src=\"https:\/\/3.bp.blogspot.com\/-iuRzJKPEIpA\/V1BHPyD86QI\/AAAAAAAABME\/EZ9UmgvIMx0DReBUcRFZg1mwYhFboI5YQCLcB\/s320\/20160530_154840.jpg\" width=\"320\" \/><\/a><\/div>\n<p><\/p>\n<div style=\"clear: both; text-align: center;\">\n<a href=\"https:\/\/4.bp.blogspot.com\/-G0iiwAeNqLQ\/V1BHQtbM0tI\/AAAAAAAABMI\/WhnNtzFSb2wHrMp0srdz4oKeCuQlG61PACLcB\/s1600\/20160530_154850.jpg\" style=\"margin-left: 1em; margin-right: 1em;\"><img loading=\"lazy\" decoding=\"async\" border=\"0\" height=\"240\" src=\"https:\/\/4.bp.blogspot.com\/-G0iiwAeNqLQ\/V1BHQtbM0tI\/AAAAAAAABMI\/WhnNtzFSb2wHrMp0srdz4oKeCuQlG61PACLcB\/s320\/20160530_154850.jpg\" width=\"320\" \/><\/a><\/div>\n<p><\/p>\n<div style=\"clear: both; text-align: center;\">\n<a href=\"https:\/\/4.bp.blogspot.com\/-CfWhZuW0lHI\/V1BHNxLnT7I\/AAAAAAAABMA\/hY6PT2kUxJQQk3gPBSlSOo_zvE6QTMq5wCLcB\/s1600\/20160530_154927.jpg\" style=\"margin-left: 1em; margin-right: 1em;\"><img loading=\"lazy\" decoding=\"async\" border=\"0\" height=\"240\" src=\"https:\/\/4.bp.blogspot.com\/-CfWhZuW0lHI\/V1BHNxLnT7I\/AAAAAAAABMA\/hY6PT2kUxJQQk3gPBSlSOo_zvE6QTMq5wCLcB\/s320\/20160530_154927.jpg\" width=\"320\" \/><\/a><\/div>\n<p><\/p>\n<div style=\"clear: both; text-align: center;\">\n<a href=\"https:\/\/2.bp.blogspot.com\/-cSCbxhe4gdA\/V1BHTY6H3cI\/AAAAAAAABMM\/BPuQyS0fbcQC6g3jbup1zpqZoS2gXaPmACLcB\/s1600\/20160530_155434.jpg\" style=\"margin-left: 1em; margin-right: 1em;\"><img loading=\"lazy\" decoding=\"async\" border=\"0\" height=\"240\" src=\"https:\/\/2.bp.blogspot.com\/-cSCbxhe4gdA\/V1BHTY6H3cI\/AAAAAAAABMM\/BPuQyS0fbcQC6g3jbup1zpqZoS2gXaPmACLcB\/s320\/20160530_155434.jpg\" width=\"320\" \/><\/a><\/div>\n<div style=\"clear: both; text-align: center;\">\n<\/div>\n<div style=\"clear: both; text-align: center;\">\n<\/div>\n","protected":false},"excerpt":{"rendered":"<p>COMPARTIMOS CON USTEDES ALGUNOS MOMENTOS DEL ACTO&#8230; Los nenes de 2do grado del turno ma\u00f1ana y tarde organizaron el acto junto a la se\u00f1o Viviana y al profe Fede con la ayuda de la profe de pl\u00e1stica Cynthia&#8230; Un d\u00eda lleno de m\u00fasica, ritmo y baile&#8230;.Agradecemos la visita del jardincito, de sala de 4 y &hellip; <\/p>\n<p class=\"link-more\"><a href=\"https:\/\/colegiobfmoreno.edu.ar\/?p=2901\" class=\"more-link\">Leer m\u00e1s<span class=\"screen-reader-text\"> \u00abACTO DEL 25 DE MAYO EN EL BALDO\u00bb<\/span><\/a><\/p>\n","protected":false},"author":2,"featured_media":0,"comment_status":"open","ping_status":"open","sticky":false,"template":"","format":"standard","meta":{"footnotes":""},"categories":[1],"tags":[],"class_list":["post-2901","post","type-post","status-publish","format-standard","hentry","category-uncategorized"],"featured_media_urls":[],"_links":{"self":[{"href":"https:\/\/colegiobfmoreno.edu.ar\/index.php?rest_route=\/wp\/v2\/posts\/2901","targetHints":{"allow":["GET"]}}],"collection":[{"href":"https:\/\/colegiobfmoreno.edu.ar\/index.php?rest_route=\/wp\/v2\/posts"}],"about":[{"href":"https:\/\/colegiobfmoreno.edu.ar\/index.php?rest_route=\/wp\/v2\/types\/post"}],"author":[{"embeddable":true,"href":"https:\/\/colegiobfmoreno.edu.ar\/index.php?rest_route=\/wp\/v2\/users\/2"}],"replies":[{"embeddable":true,"href":"https:\/\/colegiobfmoreno.edu.ar\/index.php?rest_route=%2Fwp%2Fv2%2Fcomments&post=2901"}],"version-history":[{"count":0,"href":"https:\/\/colegiobfmoreno.edu.ar\/index.php?rest_route=\/wp\/v2\/posts\/2901\/revisions"}],"wp:attachment":[{"href":"https:\/\/colegiobfmoreno.edu.ar\/index.php?rest_route=%2Fwp%2Fv2%2Fmedia&parent=2901"}],"wp:term":[{"taxonomy":"category","embeddable":true,"href":"https:\/\/colegiobfmoreno.edu.ar\/index.php?rest_route=%2Fwp%2Fv2%2Fcategories&post=2901"},{"taxonomy":"post_tag","embeddable":true,"href":"https:\/\/colegiobfmoreno.edu.ar\/index.php?rest_route=%2Fwp%2Fv2%2Ftags&post=2901"}],"curies":[{"name":"wp","href":"https:\/\/api.w.org\/{rel}","templated":true}]}}